{"id":181,"date":"2019-12-03T16:44:34","date_gmt":"2019-12-03T16:44:34","guid":{"rendered":"http:\/\/orgelneubau.de\/?p=181"},"modified":"2019-12-03T16:44:34","modified_gmt":"2019-12-03T16:44:34","slug":"koenigin-laesst-bischof-warten","status":"publish","type":"post","link":"http:\/\/orgelneubau.de\/?p=181","title":{"rendered":"K\u00f6nigin l\u00e4sst Bischof warten"},"content":{"rendered":"\n<h3 class=\"wp-block-heading\">Orgelbauer in St. Jakob k\u00f6nnen Termin nicht halten \u2013 Orgelweihe verschoben <\/h3>\n\n\n\n<p>Die Mitarbeiter der Orgelbaufirma Eule aus Bautzen k\u00f6nnen den Termin f\u00fcr die Fertigstellung der neuen Orgel von St. Jakob nicht halten. Deshalb muss die Orgelweihe durch Bischof Dr. Rudolf Voderholzer verschoben werden, berichtet Kirchenmusikerin Annette M\u00fcller. Die Orgelbauer h\u00e4tten den sehr straffen Zeitplan bis zur Orgelweihe am 22. Dezember geschafft, wenn nicht ein defekter Windmotor alles zunichte gemacht h\u00e4tte.<\/p>\n\n\n\n<p>\u201eDie Arbeiter haben in den vergangenen Wochen wirklich unter Hochdruck gearbeitet\u201c, ist Annette M\u00fcller voll des Lobes f\u00fcr die Eule-Mitarbeiter. Die Intonation der Orgel, also die f\u00fcr den Klang der Orgel entscheidende Phase, sollte in zwei Schichten erfolgen. Allerdings wurde jetzt festgestellt, dass ein Windmotor schadhaft geliefert worden ist. Weil die Herstellerfirma aber keinen Ersatzmotor in dieser Gr\u00f6\u00dfe vorr\u00e4tig hat, muss der Motor nun ausgebaut, zur\u00fcckgeschickt und repariert werden. Wie lange das dauern wird, ist noch nicht klar.<\/p>\n\n\n\n<p>F\u00fcr die Intonation der Orgel w\u00e4re die Zeit also noch mehr zusammengeschrumpft, weshalb die Verantwortlichen der Pfarrei St. Jakob die Orgelweihe verschoben haben, berichtet Annette M\u00fcller: \u201eDie Intonation ist eigentlich der wichtigste Teil der Arbeit. Sie gibt der Orgel angepasst an den Kirchenraum den Klang.\u201c Deshalb sei es sinnvoll gewesen, den Termin zu verschieben, um dieser Arbeit die n\u00f6tige Zeit zu geben. Au\u00dferdem kann dann vermutlich die ganze Hauptorgel fertig gestellt werden, nicht nur der erste Bauabschnitt.<\/p>\n\n\n\n<h4 class=\"wp-block-heading\">Sch\u00f6ne Weihnachtsmusik und verschobene Konzerte<\/h4>\n\n\n\n<p>\u201eLeider m\u00fcssen deswegen auch einige musikalische Veranstaltungen entfallen, die wir f\u00fcr die Festtage nach Weihnachten geplant hatten\u201c, bedauert Annette M\u00fcller und versichert: \u201eDennoch wird es sch\u00f6ne Weihnachtsmusik in der Basilika St. Jakob geben.\u201c<\/p>\n\n\n\n<p>Ein Improvisationskonzert mit dem \u201eCollegium Vocale Jacobiense\u201c und dem Stiftsorganisten der Alten Kapelle in Regensburg, Wolfgang H\u00f6rlin, wird verschoben. Das weihnachtliche Programm singt das Ensemble in einem der weihnachtlichen Gottesdienste am 5. oder 6. Januar.\u201e<\/p>\n\n\n\n<p>Besonders freut es mich, dass das Orgelkonzert mit dem Pariser Organisten Fr\u00e9d\u00e9ric Blanc nicht entfallen muss\u201c, berichtet Annette M\u00fcller. Das Neujahrskonzert am 1. Januar um 17 Uhr mit haupts\u00e4chlich franz\u00f6sischen Komponisten wie Daquin, Langlais, Widor, Durufl\u00e9, Vierne, aber auch Schuman und Elgar sowie Improvisationen von Blanc selbst, kann an der Rieger-Orgel der Wallfahrtskirche am Bogenberg stattfinden.<\/p>\n\n\n\n<h4 class=\"wp-block-heading\">Neue Konzertreihe: Orgel am Samstagmittag<\/h4>\n\n\n\n<p>Damit die Straubinger die neue Orgel nicht nur bei den Gottesdiensten h\u00f6ren, plant Annette M\u00fcller im n\u00e4chsten Jahr eine Orgelreihe am Samstagmittag. An den vier Adventsamstagen 2020 werden verschiedene Straubinger Organisten jeweils eine halbe Stunde lang die ganze Vielfalt der Orgelmusik pr\u00e4sentieren. Die perfekte Erg\u00e4nzung der Vorbereitungen auf Weihnachten. Im Fr\u00fchjahr 2021 soll die Reihe der samst\u00e4glichen Orgelkonzerte fortgef\u00fchrt werden.\u00a0-fun- <\/p>\n\n\n\n<p>Quelle: Straubinger Tagblatt vom 03.12.2019<\/p>\n","protected":false},"excerpt":{"rendered":"<p>Orgelbauer in St. Jakob k\u00f6nnen Termin nicht halten \u2013 Orgelweihe verschoben Die Mitarbeiter der Orgelbaufirma Eule aus Bautzen k\u00f6nnen den Termin f\u00fcr die Fertigstellung der neuen Orgel von St. Jakob nicht halten. Deshalb muss die Orgelweihe durch Bischof Dr. Rudolf Voderholzer verschoben werden, berichtet Kirchenmusikerin Annette M\u00fcller. Die Orgelbauer h\u00e4tten den sehr straffen Zeitplan bis &hellip; <\/p>\n<p class=\"link-more\"><a href=\"http:\/\/orgelneubau.de\/?p=181\" class=\"more-link\"><span class=\"screen-reader-text\">\u201eK\u00f6nigin l\u00e4sst Bischof warten\u201c <\/span>weiterlesen<\/a><\/p>\n","protected":false},"author":1,"featured_media":0,"comment_status":"closed","ping_status":"closed","sticky":false,"template":"","format":"standard","meta":{"ngg_post_thumbnail":0,"footnotes":""},"categories":[1],"tags":[11,12],"class_list":["post-181","post","type-post","status-publish","format-standard","hentry","category-uncategorized","tag-orgelweihe","tag-terminverschiebung"],"_links":{"self":[{"href":"http:\/\/orgelneubau.de\/index.php?rest_route=\/wp\/v2\/posts\/181","targetHints":{"allow":["GET"]}}],"collection":[{"href":"http:\/\/orgelneubau.de\/index.php?rest_route=\/wp\/v2\/posts"}],"about":[{"href":"http:\/\/orgelneubau.de\/index.php?rest_route=\/wp\/v2\/types\/post"}],"author":[{"embeddable":true,"href":"http:\/\/orgelneubau.de\/index.php?rest_route=\/wp\/v2\/users\/1"}],"replies":[{"embeddable":true,"href":"http:\/\/orgelneubau.de\/index.php?rest_route=%2Fwp%2Fv2%2Fcomments&post=181"}],"version-history":[{"count":1,"href":"http:\/\/orgelneubau.de\/index.php?rest_route=\/wp\/v2\/posts\/181\/revisions"}],"predecessor-version":[{"id":182,"href":"http:\/\/orgelneubau.de\/index.php?rest_route=\/wp\/v2\/posts\/181\/revisions\/182"}],"wp:attachment":[{"href":"http:\/\/orgelneubau.de\/index.php?rest_route=%2Fwp%2Fv2%2Fmedia&parent=181"}],"wp:term":[{"taxonomy":"category","embeddable":true,"href":"http:\/\/orgelneubau.de\/index.php?rest_route=%2Fwp%2Fv2%2Fcategories&post=181"},{"taxonomy":"post_tag","embeddable":true,"href":"http:\/\/orgelneubau.de\/index.php?rest_route=%2Fwp%2Fv2%2Ftags&post=181"}],"curies":[{"name":"wp","href":"https:\/\/api.w.org\/{rel}","templated":true}]}}