{"id":161,"date":"2019-10-18T15:51:01","date_gmt":"2019-10-18T15:51:01","guid":{"rendered":"http:\/\/orgelneubau.de\/?p=161"},"modified":"2020-06-05T14:44:24","modified_gmt":"2020-06-05T14:44:24","slug":"bilder-vom-technischen-aufbau-der-hauptorgel-4","status":"publish","type":"post","link":"http:\/\/orgelneubau.de\/?p=161","title":{"rendered":"Bilder vom technischen Aufbau der Hauptorgel (4)"},"content":{"rendered":"\n<p>10.10.2019<\/p>\n\n\n<div id=\"metaslider-id-156\" style=\"width: 100%;\" class=\"ml-slider-3-108-0 metaslider metaslider-flex metaslider-156 ml-slider has-dots-nav ms-theme-default\" role=\"region\" aria-label=\"Technischer Aufbau (10.10.2019)\" data-height=\"700\" data-width=\"700\">\n    <div id=\"metaslider_container_156\">\n        <div id=\"metaslider_156\">\n            <ul class='slides'>\n                <li style=\"display: block; width: 100%;\" class=\"slide-159 ms-image \" aria-roledescription=\"slide\" data-date=\"2019-10-18 15:38:33\" data-filename=\"2019-10-10-01-700x700.jpg\" data-slide-type=\"image\"><img loading=\"lazy\" decoding=\"async\" src=\"http:\/\/orgelneubau.de\/wp-content\/uploads\/2019\/10\/2019-10-10-01-700x700.jpg\" height=\"700\" width=\"700\" alt=\"\" class=\"slider-156 slide-159 msDefaultImage\" title=\"2019-10-10-01\" \/><div class=\"caption-wrap\"><div class=\"caption\">Der gro\u00dfe Schwellkasten f\u00fcr das \u201eR\u00e9cit-Orchestral\u201c (III. Manual) wurde - akustisch gesehen hervorragend - so knapp wie m\u00f6glich unter dem Gew\u00f6lbe platziert.<\/div><\/div><\/li>\n                <li style=\"display: none; width: 100%;\" class=\"slide-160 ms-image \" aria-roledescription=\"slide\" data-date=\"2019-10-18 15:38:34\" data-filename=\"2019-10-10-02-700x700.jpg\" data-slide-type=\"image\"><img loading=\"lazy\" decoding=\"async\" src=\"http:\/\/orgelneubau.de\/wp-content\/uploads\/2019\/10\/2019-10-10-02-700x700.jpg\" height=\"700\" width=\"700\" alt=\"\" class=\"slider-156 slide-160 msDefaultImage\" title=\"2019-10-10-02\" \/><div class=\"caption-wrap\"><div class=\"caption\">Links der Schwellkasten des \u201eR\u00e9cit-Orchestral\u201c (mit den horizontalen T\u00fcren), darunter der Schwellkasten f\u00fcr das Echo-Schwellwerk (vertikale T\u00fcren), in der Bildmitte der eigene Schwellkasten der Clarinette 16' bzw. 8' aus dem Solowerk (geschlossene T\u00fcren).<\/div><\/div><\/li>\n            <\/ul>\n        <\/div>\n        \n    <\/div>\n<\/div>\n\n\n\n<p><\/p>\n","protected":false},"excerpt":{"rendered":"<p>10.10.2019<\/p>\n","protected":false},"author":1,"featured_media":0,"comment_status":"closed","ping_status":"closed","sticky":false,"template":"","format":"standard","meta":{"ngg_post_thumbnail":0,"footnotes":""},"categories":[1],"tags":[17],"class_list":["post-161","post","type-post","status-publish","format-standard","hentry","category-uncategorized","tag-hauptorgel"],"_links":{"self":[{"href":"http:\/\/orgelneubau.de\/index.php?rest_route=\/wp\/v2\/posts\/161","targetHints":{"allow":["GET"]}}],"collection":[{"href":"http:\/\/orgelneubau.de\/index.php?rest_route=\/wp\/v2\/posts"}],"about":[{"href":"http:\/\/orgelneubau.de\/index.php?rest_route=\/wp\/v2\/types\/post"}],"author":[{"embeddable":true,"href":"http:\/\/orgelneubau.de\/index.php?rest_route=\/wp\/v2\/users\/1"}],"replies":[{"embeddable":true,"href":"http:\/\/orgelneubau.de\/index.php?rest_route=%2Fwp%2Fv2%2Fcomments&post=161"}],"version-history":[{"count":2,"href":"http:\/\/orgelneubau.de\/index.php?rest_route=\/wp\/v2\/posts\/161\/revisions"}],"predecessor-version":[{"id":165,"href":"http:\/\/orgelneubau.de\/index.php?rest_route=\/wp\/v2\/posts\/161\/revisions\/165"}],"wp:attachment":[{"href":"http:\/\/orgelneubau.de\/index.php?rest_route=%2Fwp%2Fv2%2Fmedia&parent=161"}],"wp:term":[{"taxonomy":"category","embeddable":true,"href":"http:\/\/orgelneubau.de\/index.php?rest_route=%2Fwp%2Fv2%2Fcategories&post=161"},{"taxonomy":"post_tag","embeddable":true,"href":"http:\/\/orgelneubau.de\/index.php?rest_route=%2Fwp%2Fv2%2Ftags&post=161"}],"curies":[{"name":"wp","href":"https:\/\/api.w.org\/{rel}","templated":true}]}}