{"id":148,"date":"2019-09-13T15:35:20","date_gmt":"2019-09-13T15:35:20","guid":{"rendered":"http:\/\/orgelneubau.de\/?p=148"},"modified":"2020-06-05T14:43:13","modified_gmt":"2020-06-05T14:43:13","slug":"bilder-vom-technischen-aufbau-der-hauptorgel-3","status":"publish","type":"post","link":"http:\/\/orgelneubau.de\/?p=148","title":{"rendered":"Bilder vom technischen Aufbau der Hauptorgel (3)"},"content":{"rendered":"\n<p>12.09.2019<\/p>\n\n\n\n<div class=\"alignnormal\"><div id=\"metaslider-id-141\" style=\"width: 100%;\" class=\"ml-slider-3-108-0 metaslider metaslider-flex metaslider-141 ml-slider has-dots-nav ms-theme-default\" role=\"region\" aria-label=\"Technischer Aufbau (12.09.2019)\" data-height=\"700\" data-width=\"700\">\n    <div id=\"metaslider_container_141\">\n        <div id=\"metaslider_141\">\n            <ul class='slides'>\n                <li style=\"display: block; width: 100%;\" class=\"slide-145 ms-image \" aria-roledescription=\"slide\" data-date=\"2019-09-13 15:25:17\" data-filename=\"2019-09-12-01-700x700.jpg\" data-slide-type=\"image\"><img loading=\"lazy\" decoding=\"async\" src=\"http:\/\/orgelneubau.de\/wp-content\/uploads\/2019\/09\/2019-09-12-01-700x700.jpg\" height=\"700\" width=\"700\" alt=\"\" class=\"slider-141 slide-145 msDefaultImage\" title=\"2019-09-12-01\" \/><div class=\"caption-wrap\"><div class=\"caption\">Auf mittlerer H\u00f6he innerhalb des Geh\u00e4uses: Der gro\u00dfe Schwellkasten f\u00fcr die Register des IV. Manuals. Dar\u00fcber wird der noch gr\u00f6\u00dfere Schwellkasten f\u00fcr die Register des III. Manuals entstehen.<\/div><\/div><\/li>\n                <li style=\"display: none; width: 100%;\" class=\"slide-146 ms-image \" aria-roledescription=\"slide\" data-date=\"2019-09-13 15:25:32\" data-filename=\"2019-09-12-02-700x700.jpg\" data-slide-type=\"image\"><img loading=\"lazy\" decoding=\"async\" src=\"http:\/\/orgelneubau.de\/wp-content\/uploads\/2019\/09\/2019-09-12-02-700x700.jpg\" height=\"700\" width=\"700\" alt=\"\" class=\"slider-141 slide-146 msDefaultImage\" title=\"2019-09-12-02\" \/><div class=\"caption-wrap\"><div class=\"caption\">Teil einer Windlade (oberer Bildrand), lange Holzabstrakten (links), ein Wellenbrett (Bildmitte)<\/div><\/div><\/li>\n                <li style=\"display: none; width: 100%;\" class=\"slide-147 ms-image \" aria-roledescription=\"slide\" data-date=\"2019-09-13 15:25:39\" data-filename=\"2019-09-12-03-700x700.jpg\" data-slide-type=\"image\"><img loading=\"lazy\" decoding=\"async\" src=\"http:\/\/orgelneubau.de\/wp-content\/uploads\/2019\/09\/2019-09-12-03-700x700.jpg\" height=\"700\" width=\"700\" alt=\"\" class=\"slider-141 slide-147 msDefaultImage\" title=\"2019-09-12-03\" \/><div class=\"caption-wrap\"><div class=\"caption\">Die Empore wird zur Werkstatt: Clemens Meier (Teamleiter \"technischer Aufbau\") bei der finalen Justierung zahlreicher \"Abstraktenschuhe\".<\/div><\/div><\/li>\n            <\/ul>\n        <\/div>\n        \n    <\/div>\n<\/div><\/div>\n","protected":false},"excerpt":{"rendered":"<p>12.09.2019<\/p>\n","protected":false},"author":1,"featured_media":0,"comment_status":"closed","ping_status":"closed","sticky":false,"template":"","format":"standard","meta":{"ngg_post_thumbnail":0,"footnotes":""},"categories":[1],"tags":[17],"class_list":["post-148","post","type-post","status-publish","format-standard","hentry","category-uncategorized","tag-hauptorgel"],"_links":{"self":[{"href":"http:\/\/orgelneubau.de\/index.php?rest_route=\/wp\/v2\/posts\/148","targetHints":{"allow":["GET"]}}],"collection":[{"href":"http:\/\/orgelneubau.de\/index.php?rest_route=\/wp\/v2\/posts"}],"about":[{"href":"http:\/\/orgelneubau.de\/index.php?rest_route=\/wp\/v2\/types\/post"}],"author":[{"embeddable":true,"href":"http:\/\/orgelneubau.de\/index.php?rest_route=\/wp\/v2\/users\/1"}],"replies":[{"embeddable":true,"href":"http:\/\/orgelneubau.de\/index.php?rest_route=%2Fwp%2Fv2%2Fcomments&post=148"}],"version-history":[{"count":2,"href":"http:\/\/orgelneubau.de\/index.php?rest_route=\/wp\/v2\/posts\/148\/revisions"}],"predecessor-version":[{"id":150,"href":"http:\/\/orgelneubau.de\/index.php?rest_route=\/wp\/v2\/posts\/148\/revisions\/150"}],"wp:attachment":[{"href":"http:\/\/orgelneubau.de\/index.php?rest_route=%2Fwp%2Fv2%2Fmedia&parent=148"}],"wp:term":[{"taxonomy":"category","embeddable":true,"href":"http:\/\/orgelneubau.de\/index.php?rest_route=%2Fwp%2Fv2%2Fcategories&post=148"},{"taxonomy":"post_tag","embeddable":true,"href":"http:\/\/orgelneubau.de\/index.php?rest_route=%2Fwp%2Fv2%2Ftags&post=148"}],"curies":[{"name":"wp","href":"https:\/\/api.w.org\/{rel}","templated":true}]}}